{"id":307,"date":"2023-04-25T12:38:34","date_gmt":"2023-04-25T10:38:34","guid":{"rendered":"https:\/\/www.aerolurcy.fr\/?p=307"},"modified":"2023-07-24T13:01:59","modified_gmt":"2023-07-24T11:01:59","slug":"poitiers-fete-leurope-en-mai-2023-decouvrez-le-programme","status":"publish","type":"post","link":"https:\/\/aerolurcy.fr\/index.php\/2023\/04\/25\/poitiers-fete-leurope-en-mai-2023-decouvrez-le-programme\/","title":{"rendered":"Poitiers f\u00eate l&#8217;Europe en mai 2023 : d\u00e9couvrez le programme !"},"content":{"rendered":"\n<p>En mai 2023, la ville de Poitiers organise une s\u00e9rie d&#8217;\u00e9v\u00e9nements pour c\u00e9l\u00e9brer l&#8217;Europe et <a href=\"https:\/\/www.aerolurcy.fr\/index.php\/2023\/04\/25\/le-pic-saint-loup-un-sommet-a-couper-le-souffle\/\">ses richesses culturelles, linguistiques et historiques<\/a>. Pendant tout le mois, vous pourrez participer \u00e0 des activit\u00e9s ludiques, \u00e9ducatives et festives pour (re)d\u00e9couvrir l&#8217;Europe et ses valeurs. Voici un aper\u00e7u du programme qui vous attend !<\/p>\n\n\n\n<h2 class=\"wp-block-heading\">Un festival de cin\u00e9ma europ\u00e9en<\/h2>\n\n\n\n<p>Du 2 au 8 mai, le cin\u00e9ma Le Dietrich vous propose une s\u00e9lection de films europ\u00e9ens r\u00e9cents ou classiques, en version originale sous-titr\u00e9e. Venez d\u00e9couvrir la diversit\u00e9 du cin\u00e9ma europ\u00e9en \u00e0 travers des genres vari\u00e9s : com\u00e9die, drame, thriller, animation&#8230; Il y en aura pour tous les go\u00fbts et pour tous les \u00e2ges !<\/p>\n\n\n\n<p>Voici une vid\u00e9o parlant de cet \u00e9v\u00e9nement :<\/p>\n\n\n\n<figure class=\"wp-block-embed is-type-video is-provider-youtube wp-block-embed-youtube wp-embed-aspect-4-3 wp-has-aspect-ratio\"><div class=\"wp-block-embed__wrapper\">\n<iframe loading=\"lazy\" title=\"Participez au Joli mois de l&#039;Europe 2023\" width=\"750\" height=\"563\" src=\"https:\/\/www.youtube.com\/embed\/yL-lEV288Ck?feature=oembed\" frameborder=\"0\" allow=\"accelerometer; autoplay; clipboard-write; encrypted-media; gyroscope; picture-in-picture; web-share\" allowfullscreen><\/iframe>\n<\/div><\/figure>\n\n\n\n<h2 class=\"wp-block-heading\">Une exposition sur l&#8217;histoire de l&#8217;Europe<\/h2>\n\n\n\n<p>Du 9 au 31 mai, la m\u00e9diath\u00e8que Fran\u00e7ois-Mitterrand vous invite \u00e0 visiter une exposition sur l&#8217;histoire de l&#8217;Europe, de l&#8217;Antiquit\u00e9 \u00e0 nos jours. Vous pourrez y apprendre comment s&#8217;est construite l&#8217;Europe, quels sont les grands \u00e9v\u00e9nements qui ont marqu\u00e9 son histoire, quels sont les symboles et les institutions qui la repr\u00e9sentent. L&#8217;exposition sera accompagn\u00e9e de conf\u00e9rences, de d\u00e9bats et d&#8217;ateliers p\u00e9dagogiques.<\/p>\n\n\n\n<h2 class=\"wp-block-heading\">Une journ\u00e9e des langues europ\u00e9ennes<\/h2>\n\n\n\n<p>Le 15 mai, la place du Mar\u00e9chal-Leclerc se transforme en un espace multilingue o\u00f9 vous pourrez vous initier aux langues europ\u00e9ennes. Des stands anim\u00e9s par des associations, des \u00e9coles et des centres culturels vous proposeront des jeux, des quiz, des lectures, des chansons et des conversations dans diff\u00e9rentes langues. Vous pourrez \u00e9galement assister \u00e0 des spectacles de th\u00e9\u00e2tre, de danse et de musique en langues \u00e9trang\u00e8res.<\/p>\n\n\n\n<figure class=\"wp-block-image size-large\"><img data-recalc-dims=\"1\" loading=\"lazy\" decoding=\"async\" width=\"750\" height=\"750\" src=\"https:\/\/i0.wp.com\/www.aerolurcy.fr\/wp-content\/uploads\/2023\/04\/Europe-1024x1024.jpeg?resize=750%2C750&#038;ssl=1\" alt=\"\" class=\"wp-image-308\" srcset=\"https:\/\/i0.wp.com\/aerolurcy.fr\/wp-content\/uploads\/2023\/04\/Europe.jpeg?w=1024&amp;ssl=1 1024w, https:\/\/i0.wp.com\/aerolurcy.fr\/wp-content\/uploads\/2023\/04\/Europe.jpeg?resize=300%2C300&amp;ssl=1 300w, https:\/\/i0.wp.com\/aerolurcy.fr\/wp-content\/uploads\/2023\/04\/Europe.jpeg?resize=150%2C150&amp;ssl=1 150w, https:\/\/i0.wp.com\/aerolurcy.fr\/wp-content\/uploads\/2023\/04\/Europe.jpeg?resize=768%2C768&amp;ssl=1 768w\" sizes=\"auto, (max-width: 750px) 100vw, 750px\" \/><\/figure>\n\n\n\n<h2 class=\"wp-block-heading\">Une soir\u00e9e musicale europ\u00e9enne<\/h2>\n\n\n\n<p>Le 27 mai, le th\u00e9\u00e2tre Auditorium de Poitiers (TAP) vous convie \u00e0 une soir\u00e9e musicale europ\u00e9enne avec la participation de plusieurs artistes venus de diff\u00e9rents pays. Vous pourrez \u00e9couter des chansons traditionnelles ou contemporaines, du rock, du jazz, du folk ou de la pop. Une occasion de voyager \u00e0 travers les sonorit\u00e9s et les rythmes de l&#8217;Europe !<\/p>\n\n\n\n<p>En mai 2023, Poitiers vous offre une belle opportunit\u00e9 de c\u00e9l\u00e9brer l&#8217;Europe et de vous enrichir de sa diversit\u00e9.<\/p>\n","protected":false},"excerpt":{"rendered":"<p>En mai 2023, la ville de Poitiers organise une s\u00e9rie d&#8217;\u00e9v\u00e9nements pour c\u00e9l\u00e9brer l&#8217;Europe et ses richesses culturelles, linguistiques et historiques. Pendant tout le mois, vous pourrez participer \u00e0 des activit\u00e9s ludiques, \u00e9ducatives et festives pour (re)d\u00e9couvrir l&#8217;Europe et ses valeurs. Voici un aper\u00e7u du programme qui vous attend ! [&hellip;]<\/p>\n","protected":false},"author":1,"featured_media":309,"comment_status":"closed","ping_status":"closed","sticky":false,"template":"","format":"standard","meta":{"_monsterinsights_skip_tracking":false,"_monsterinsights_sitenote_active":false,"_monsterinsights_sitenote_note":"","_monsterinsights_sitenote_category":0,"_uf_show_specific_survey":0,"_uf_disable_surveys":false,"_jetpack_memberships_contains_paid_content":false,"footnotes":""},"categories":[1],"tags":[],"class_list":["post-307","post","type-post","status-publish","format-standard","has-post-thumbnail","hentry","category-non-classe"],"jetpack_featured_media_url":"https:\/\/i0.wp.com\/aerolurcy.fr\/wp-content\/uploads\/2023\/04\/3413dca6-8462-4fc5-8578-162a9bd36cba.jpeg?fit=1024%2C1024&ssl=1","jetpack_sharing_enabled":true,"_links":{"self":[{"href":"https:\/\/aerolurcy.fr\/index.php\/wp-json\/wp\/v2\/posts\/307","targetHints":{"allow":["GET"]}}],"collection":[{"href":"https:\/\/aerolurcy.fr\/index.php\/wp-json\/wp\/v2\/posts"}],"about":[{"href":"https:\/\/aerolurcy.fr\/index.php\/wp-json\/wp\/v2\/types\/post"}],"author":[{"embeddable":true,"href":"https:\/\/aerolurcy.fr\/index.php\/wp-json\/wp\/v2\/users\/1"}],"replies":[{"embeddable":true,"href":"https:\/\/aerolurcy.fr\/index.php\/wp-json\/wp\/v2\/comments?post=307"}],"version-history":[{"count":0,"href":"https:\/\/aerolurcy.fr\/index.php\/wp-json\/wp\/v2\/posts\/307\/revisions"}],"wp:featuredmedia":[{"embeddable":true,"href":"https:\/\/aerolurcy.fr\/index.php\/wp-json\/wp\/v2\/media\/309"}],"wp:attachment":[{"href":"https:\/\/aerolurcy.fr\/index.php\/wp-json\/wp\/v2\/media?parent=307"}],"wp:term":[{"taxonomy":"category","embeddable":true,"href":"https:\/\/aerolurcy.fr\/index.php\/wp-json\/wp\/v2\/categories?post=307"},{"taxonomy":"post_tag","embeddable":true,"href":"https:\/\/aerolurcy.fr\/index.php\/wp-json\/wp\/v2\/tags?post=307"}],"curies":[{"name":"wp","href":"https:\/\/api.w.org\/{rel}","templated":true}]}}