{"id":55,"date":"2017-12-20T12:30:19","date_gmt":"2017-12-20T11:30:19","guid":{"rendered":"https:\/\/aerolurcy.fr\/?p=55"},"modified":"2017-12-21T16:03:39","modified_gmt":"2017-12-21T15:03:39","slug":"actualites-diverses","status":"publish","type":"post","link":"https:\/\/aerolurcy.fr\/index.php\/2017\/12\/20\/actualites-diverses\/","title":{"rendered":"Actualit\u00e9s diverses"},"content":{"rendered":"<h4>Visite de la Base A\u00e9rienne d&#8217;AVORD<\/h4>\n<p>Fin septembre, nous avons \u00e9t\u00e9 comme l&#8217;ann\u00e9e pass\u00e9e, convi\u00e9 \u00e0 une rencontre sur la base a\u00e9rienne avec les organismes de la circulation a\u00e9rienne.<br \/>\nCe fut pour nous l&#8217;occasion de visiter un Awacs E3-F et d&#8217;\u00eatre inform\u00e9 par le Colonel de la BA de la potentielle mise \u00e0 contribution des A\u00e9ro-clubs du secteurs au meeting de l&#8217;air de l&#8217;\u00e9t\u00e9 prochain.<\/p>\n<p>&nbsp;<\/p>\n<h4>Arriv\u00e9e d&#8217;un nouveau jouet chez les &#8220;Biancottistes&#8221;<\/h4>\n<p>Nous avons inaugur\u00e9 en grande pompe l&#8217;arriv\u00e9e du premier ULM de nos coll\u00e8gues de Montlu\u00e7on. Un Skyranger de 80cv.<br \/>\nA cette occasion, Mr le Maire de Montlu\u00e7on s&#8217;\u00e9tait d\u00e9plac\u00e9.<\/p>\n<p>&nbsp;<\/p>\n<h4>Rassemblement G1<\/h4>\n<p>Pour ce premier rassemblement, la m\u00e9t\u00e9o aurait pu \u00eatre plus cl\u00e9mente.<br \/>\nUne importante perturbation dans le sud de la France a emp\u00each\u00e9 la plupart des machines de se secteur de pouvoir se joindre \u00e0 nous. La bonne humeur \u00e9t\u00e9 toutefois au rendez-vous, et nous nous sommes tout de m\u00eame retrouv\u00e9 une cinquantaine \u00e0 partager se moment d&#8217;amiti\u00e9.<br \/>\nEn esp\u00e9rant \u00eatre encore plus nombreux l&#8217;ann\u00e9e prochaine !<\/p>\n<h4>Nouvelle machine<\/h4>\n<p>Notre bon ami G\u00e9rard met \u00e0 disposition de l&#8217;a\u00e9roclub son Gu\u00e9rin G1. Le lach\u00e9 sur accord de celui-ci ce fera par Mr Angebault, notre pr\u00e9sident.<br \/>\nLe tarif est de 75\u20ac TTC par hdv.<\/p>\n<h4><\/h4>\n<h4>Visite chez les Bidasses<\/h4>\n<p>Dans le cadre de sa prise de commandement au mois de septembre dernier, le Colonel Rataud commandant de la base a\u00e9rienne de d\u00e9fense d&#8217;Avord, a convi\u00e9 les a\u00e9roclubs environnants \u00e0 venir pour une matin\u00e9e d&#8217;information avec l&#8217;escadron de circulation a\u00e9rienne de la base.<br \/>\nConf\u00e9rence sur les prestations des services du controle a\u00e9rien et une visite de la tour de contr\u00f4le.<\/p>\n<h4><\/h4>\n<h4>Tour ULM d&#8217;Auvergne.<\/h4>\n<p>Le 11 septembre dernier, le terrain de Lurcy L\u00e9vis s&#8217;est vu investir par une 30\u00e9ne d&#8217;ULM venu participer au 2\u00e9me tour ULM d&#8217;Auvergne.<br \/>\nAccueil convivial autour d&#8217;une boisson fraiche, le temps d&#8217;abreuver \u00e9galement les machines, et d\u00e9part pour le bivouac de Moulins.<\/p>\n<h4><\/h4>\n<h4>Un nouvel instructeur<\/h4>\n<p>Mr Angebault, secr\u00e9taire de l&#8217;association, vient de passer son examen d&#8217;instructeur ULM 3 axes.<br \/>\nIl se tient \u00e0 la disposition du club pour assurer la formation th\u00e9orique et pratique afin de vous emmener vers l&#8217;obtention du brevet de pilote, et cela d\u00e9s l&#8217;age de 15 ans.<\/p>\n","protected":false},"excerpt":{"rendered":"<p>Visite de la Base A\u00e9rienne d&#8217;AVORD Fin septembre, nous avons \u00e9t\u00e9 comme l&#8217;ann\u00e9e pass\u00e9e, convi\u00e9 \u00e0 une rencontre sur la base a\u00e9rienne avec les organismes de la circulation a\u00e9rienne. Ce fut pour nous l&#8217;occasion de visiter un Awacs E3-F et d&#8217;\u00eatre inform\u00e9 par le Colonel de la BA de la [&hellip;]<\/p>\n","protected":false},"author":1,"featured_media":138,"comment_status":"open","ping_status":"closed","sticky":false,"template":"","format":"standard","meta":{"_monsterinsights_skip_tracking":false,"_monsterinsights_sitenote_active":false,"_monsterinsights_sitenote_note":"","_monsterinsights_sitenote_category":0,"_uf_show_specific_survey":0,"_uf_disable_surveys":false,"_jetpack_memberships_contains_paid_content":false,"footnotes":""},"categories":[1],"tags":[],"class_list":["post-55","post","type-post","status-publish","format-standard","has-post-thumbnail","hentry","category-non-classe"],"jetpack_featured_media_url":"https:\/\/i0.wp.com\/aerolurcy.fr\/wp-content\/uploads\/2017\/12\/35455710281_777578fa7a_b.jpg?fit=1024%2C683&ssl=1","jetpack_sharing_enabled":true,"_links":{"self":[{"href":"https:\/\/aerolurcy.fr\/index.php\/wp-json\/wp\/v2\/posts\/55","targetHints":{"allow":["GET"]}}],"collection":[{"href":"https:\/\/aerolurcy.fr\/index.php\/wp-json\/wp\/v2\/posts"}],"about":[{"href":"https:\/\/aerolurcy.fr\/index.php\/wp-json\/wp\/v2\/types\/post"}],"author":[{"embeddable":true,"href":"https:\/\/aerolurcy.fr\/index.php\/wp-json\/wp\/v2\/users\/1"}],"replies":[{"embeddable":true,"href":"https:\/\/aerolurcy.fr\/index.php\/wp-json\/wp\/v2\/comments?post=55"}],"version-history":[{"count":0,"href":"https:\/\/aerolurcy.fr\/index.php\/wp-json\/wp\/v2\/posts\/55\/revisions"}],"wp:featuredmedia":[{"embeddable":true,"href":"https:\/\/aerolurcy.fr\/index.php\/wp-json\/wp\/v2\/media\/138"}],"wp:attachment":[{"href":"https:\/\/aerolurcy.fr\/index.php\/wp-json\/wp\/v2\/media?parent=55"}],"wp:term":[{"taxonomy":"category","embeddable":true,"href":"https:\/\/aerolurcy.fr\/index.php\/wp-json\/wp\/v2\/categories?post=55"},{"taxonomy":"post_tag","embeddable":true,"href":"https:\/\/aerolurcy.fr\/index.php\/wp-json\/wp\/v2\/tags?post=55"}],"curies":[{"name":"wp","href":"https:\/\/api.w.org\/{rel}","templated":true}]}}